{"id":3826,"date":"2026-09-01T14:18:26","date_gmt":"2026-09-01T17:18:26","guid":{"rendered":"https:\/\/www.emanda.com.br\/blog\/?p=3826"},"modified":"2026-09-02T14:17:28","modified_gmt":"2026-09-02T17:17:28","slug":"aquecer-base-antes-da-black-friday","status":"publish","type":"post","link":"https:\/\/www.emanda.com.br\/blog\/aquecer-base-antes-da-black-friday\/","title":{"rendered":"Aquecer a base antes da Black Friday em 90 dias"},"content":{"rendered":"<p>Aquecer a base antes da Black Friday significa voltar a falar com quem j\u00e1 comprou de voc\u00ea, semanas antes da data, para que a oferta chegue em uma lista que ainda lembra da sua loja. O trabalho leva de 60 a 90 dias e acontece em tr\u00eas etapas: retomar contato, identificar quem responde e s\u00f3 ent\u00e3o anunciar. Uma lista parada h\u00e1 meses n\u00e3o reage bem quando o primeiro contato do ano \u00e9 um cupom.<\/p>\n<hr>\n<p>Todo novembro se repete a mesma cena. A loja passa outubro escolhendo desconto, monta a arte na v\u00e9spera, dispara para a lista inteira e acompanha o resultado abaixo do esperado. Depois vem a conclus\u00e3o errada: o problema teria sido o desconto.<\/p>\n<p>Na maioria das vezes, por\u00e9m, o problema apareceu bem antes. A lista tinha esfriado, e ningu\u00e9m percebeu porque ningu\u00e9m falava com ela desde a \u00faltima promo\u00e7\u00e3o. Assim, o cliente recebeu uma oferta de uma marca que sumiu por seis meses.<\/p>\n<p>Por outro lado, existe um caminho mais simples e mais barato. Ele come\u00e7a agora, com conte\u00fado comum, sem promo\u00e7\u00e3o nenhuma, e termina em novembro com uma lista que abre o e-mail porque reconhece o remetente.<\/p>\n<h2>Por que aquecer a base antes da Black Friday muda o resultado?<\/h2>\n<p>Aquecer a base antes da Black Friday muda o resultado porque a aten\u00e7\u00e3o fica cara justamente na semana da data. Quando todas as lojas anunciam ao mesmo tempo, o leil\u00e3o de an\u00fancio sobe e a caixa de entrada do cliente enche. Nesse cen\u00e1rio, quem depende s\u00f3 de tr\u00e1fego pago paga mais para falar com quem nem conhece a marca.<\/p>\n<p>Al\u00e9m disso, existe uma diferen\u00e7a pr\u00e1tica entre lista fria e lista morna. A lista fria recebeu o \u00faltimo contato h\u00e1 meses e reage com pouca abertura, marca\u00e7\u00e3o de spam e descadastro. A lista morna, ao contr\u00e1rio, vem recebendo mensagem com alguma frequ\u00eancia e chega em novembro acostumada a ouvir a loja.<\/p>\n<p>Segundo dados de mercado acompanhados pelo <a href=\"https:\/\/www.ecommercebrasil.com.br\">E-Commerce Brasil<\/a>, datas concentradas movimentam volume alto de pedidos em poucos dias, o que aumenta a disputa por aten\u00e7\u00e3o no per\u00edodo. Por isso, a prepara\u00e7\u00e3o vale mais que o tamanho do desconto.<\/p>\n<h2>Quando come\u00e7ar a aquecer a base antes da Black Friday?<\/h2>\n<p>O momento de come\u00e7ar a aquecer a base antes da Black Friday \u00e9 aproximadamente 90 dias antes da data. Em 2026, a Black Friday cai em 27 de novembro, portanto o trabalho come\u00e7a no fim de agosto ou no in\u00edcio de setembro.<\/p>\n<p>Esse prazo n\u00e3o \u00e9 arbitr\u00e1rio. Uma lista parada precisa de v\u00e1rias mensagens at\u00e9 voltar a ter abertura est\u00e1vel. Se a loja tenta fazer isso em uma semana, o volume repentino de envio derruba a entrega e parte da base vai direto para o spam.<\/p>\n<p>Na pr\u00e1tica, tr\u00eas meses d\u00e3o espa\u00e7o para errar e corrigir. O primeiro m\u00eas serve para reaparecer, o segundo para observar quem responde e o terceiro para vender.<\/p>\n<h2>O que fazer em setembro: voltar a aparecer<\/h2>\n<p>Setembro \u00e9 o m\u00eas de reaparecer sem pedir nada. Nada de cupom, nada de contagem regressiva.<\/p>\n<p>Funciona bem aqui:<\/p>\n<ul>\n<li><strong>Conte\u00fado \u00fatil sobre o que voc\u00ea vende.<\/strong> Como escolher, como usar, como cuidar do produto<\/li>\n<li><strong>Bastidor da opera\u00e7\u00e3o.<\/strong> Chegada de cole\u00e7\u00e3o, produ\u00e7\u00e3o, embalagem<\/li>\n<li><strong>Retomada dos inativos em grupos pequenos.<\/strong> Comece pelos que compraram h\u00e1 menos tempo e avance aos poucos<\/li>\n<li><strong>Limpeza da lista.<\/strong> Contato que n\u00e3o abre h\u00e1 mais de um ano s\u00f3 atrapalha a entrega dos outros<\/li>\n<\/ul>\n<p>Em seguida, observe o b\u00e1sico: a taxa de abertura voltou a subir? Se a resposta for n\u00e3o, aumente a frequ\u00eancia antes de aumentar a oferta. Vale ler tamb\u00e9m o material sobre <a href=\"https:\/\/www.emanda.com.br\/blog\/lista-de-email-esta-morta\/\">lista de e-mail morta<\/a>, porque o processo de recupera\u00e7\u00e3o \u00e9 o mesmo.<\/p>\n<h2>O que fazer em outubro: descobrir quem est\u00e1 ouvindo<\/h2>\n<p>Outubro \u00e9 o segundo m\u00eas de aquecer a base antes da Black Friday, e agora a loja para de falar com todo mundo do mesmo jeito. O objetivo \u00e9 separar quem est\u00e1 prestando aten\u00e7\u00e3o.<\/p>\n<p>Tr\u00eas sinais bastam:<\/p>\n<ol>\n<li><strong>Quem abriu<\/strong> as mensagens dos \u00faltimos 30 dias<\/li>\n<li><strong>Quem clicou<\/strong> em algum produto ou conte\u00fado<\/li>\n<li><strong>Quem comprou<\/strong> nos \u00faltimos 12 meses, mesmo sem abrir e-mail recente<\/li>\n<\/ol>\n<p>Com esses tr\u00eas grupos separados, a comunica\u00e7\u00e3o de novembro fica muito mais simples. Quem abre e clica recebe o acesso antecipado. Quem comprou mas anda quieto recebe uma mensagem de reativa\u00e7\u00e3o antes da data. J\u00e1 quem n\u00e3o d\u00e1 sinal nenhum entra por \u00faltimo, para n\u00e3o comprometer a entrega.<\/p>\n<p>Esse \u00e9 tamb\u00e9m o m\u00eas de montar a lista de espera. Um convite simples, do tipo &#8220;quer saber antes?&#8221;, separa quem tem inten\u00e7\u00e3o real de comprar. Quem entra nessa lista d\u00e1 o sinal mais valioso da temporada.<\/p>\n<h2>O que fazer em novembro: falar primeiro com quem j\u00e1 escuta<\/h2>\n<p>Em novembro a ordem dos envios importa mais que o texto deles. Comece pela lista de espera, siga para quem clicou em outubro e deixe a base geral por \u00faltimo.<\/p>\n<p>Assim, a campanha come\u00e7a com abertura alta, o que ajuda a entrega das mensagens seguintes. Se a loja dispara para todo mundo de uma vez, a m\u00e9dia cai logo no primeiro envio e o resto da semana sofre.<\/p>\n<p>Al\u00e9m do e-mail, vale combinar canais. Uma mensagem no WhatsApp para quem j\u00e1 autorizou contato costuma ter leitura mais r\u00e1pida em dias de pico. Ainda assim, o princ\u00edpio continua o mesmo: falar primeiro com quem j\u00e1 demonstrou interesse.<\/p>\n<h2>Erros que aparecem quando o aquecimento n\u00e3o acontece<\/h2>\n<ul>\n<li><strong>Disparar para a lista inteira no dia 27.<\/strong> A entrega cai e boa parte nem chega<\/li>\n<li><strong>Sumir por seis meses e voltar com cupom.<\/strong> O cliente l\u00ea como oportunismo<\/li>\n<li><strong>Deixar o desconto decidir tudo.<\/strong> Quando o pre\u00e7o \u00e9 o \u00fanico argumento, a margem paga a conta<\/li>\n<li><strong>Ignorar quem comprou em novembro passado.<\/strong> Esse \u00e9 o grupo com maior chance de repetir a compra<\/li>\n<li><strong>Preparar oferta sem preparar a opera\u00e7\u00e3o.<\/strong> Estoque, prazo e atendimento entram na conta<\/li>\n<\/ul>\n<h2>Perguntas frequentes<\/h2>\n<p><strong>Quanto tempo antes devo aquecer a base antes da Black Friday?<\/strong><br \/>\nEntre 60 e 90 dias. Esse prazo permite retomar o contato aos poucos, sem picos de envio que prejudicam a entrega. Listas muito paradas precisam do prazo maior, porque a recupera\u00e7\u00e3o de abertura acontece de forma gradual.<\/p>\n<p><strong>Preciso dar desconto em setembro para reativar a base?<\/strong><br \/>\nN\u00e3o. Setembro funciona melhor com conte\u00fado e novidade. O desconto antecipado ensina o cliente a esperar promo\u00e7\u00e3o e reduz o efeito da oferta em novembro, quando ela realmente importa.<\/p>\n<p><strong>O que fa\u00e7o com quem nunca abre meus e-mails?<\/strong><br \/>\nSepare esse grupo e tente uma \u00faltima sequ\u00eancia curta de reengajamento. Se n\u00e3o houver resposta, remova esses contatos da base ativa. Lista limpa entrega melhor para quem realmente l\u00ea.<\/p>\n<p><strong>Vale usar WhatsApp junto com e-mail nesse per\u00edodo?<\/strong><br \/>\nVale, desde que o cliente tenha autorizado o contato. O WhatsApp costuma ter leitura mais r\u00e1pida, enquanto o e-mail suporta mais detalhe e hist\u00f3rico. Os dois juntos cobrem momentos diferentes do dia.<\/p>\n<p><strong>Como saber se a base esquentou de verdade?<\/strong><br \/>\nAcompanhe a taxa de abertura ao longo das semanas. Se ela sobe de forma consistente e o descadastro se mant\u00e9m baixo, o aquecimento est\u00e1 funcionando. Queda de abertura com aumento de spam indica frequ\u00eancia alta demais.<\/p>\n<h2>O que fazer amanh\u00e3<\/h2>\n<p>Escolha um grupo pequeno da sua base, os clientes que compraram nos \u00faltimos seis meses, e mande uma mensagem sem promo\u00e7\u00e3o. Pode ser uma novidade, um conte\u00fado ou um simples aviso do que chegou na loja.<\/p>\n<p>Repita isso toda semana at\u00e9 outubro. No fim das contas, aquecer a base antes da Black Friday \u00e9 isso: uma conversa que j\u00e1 estava acontecendo quando a oferta chegou. Quando novembro chegar, voc\u00ea n\u00e3o vai come\u00e7ar o assunto. Vai continuar um.<\/p>\n","protected":false},"excerpt":{"rendered":"<p>Aquecer a base antes da Black Friday significa voltar a falar com quem j\u00e1 comprou de voc\u00ea, semanas antes da data, para que a oferta chegue em uma lista que ainda lembra da sua loja. O trabalho leva de 60 a 90 dias e acontece em tr\u00eas etapas: retomar contato, identificar quem responde e s\u00f3 [&hellip;]<\/p>\n","protected":false},"author":2,"featured_media":3829,"comment_status":"closed","ping_status":"closed","sticky":false,"template":"","format":"standard","meta":{"footnotes":""},"categories":[268],"tags":[216,72,10,536,426],"class_list":["post-3826","post","type-post","status-publish","format-standard","has-post-thumbnail","hentry","category-blackfriday","tag-blackfriday","tag-ecommerce","tag-email-marketing","tag-relacionamento","tag-retencao"],"yoast_head":"<!-- This site is optimized with the Yoast SEO plugin v28.1 - https:\/\/yoast.com\/product\/yoast-seo-wordpress\/ -->\n<title>Aquecer a base antes da Black Friday em 90 dias<\/title>\n<meta name=\"description\" content=\"Aquecer a base antes da Black Friday leva tempo. Veja o que fazer em setembro, outubro e novembro para chegar na data com lista pronta.\" \/>\n<meta name=\"robots\" content=\"index, follow, max-snippet:-1, max-image-preview:large, max-video-preview:-1\" \/>\n<link rel=\"canonical\" href=\"https:\/\/www.emanda.com.br\/blog\/aquecer-base-antes-da-black-friday\/\" \/>\n<meta property=\"og:locale\" content=\"pt_BR\" \/>\n<meta property=\"og:type\" content=\"article\" \/>\n<meta property=\"og:title\" content=\"Aquecer a base antes da Black Friday em 90 dias\" \/>\n<meta property=\"og:description\" content=\"Aquecer a base antes da Black Friday leva tempo. Veja o que fazer em setembro, outubro e novembro para chegar na data com lista pronta.\" \/>\n<meta property=\"og:url\" content=\"https:\/\/www.emanda.com.br\/blog\/aquecer-base-antes-da-black-friday\/\" \/>\n<meta property=\"og:site_name\" content=\"Emanda | Email Marketing sem Esfor\u00e7o\" \/>\n<meta property=\"article:published_time\" content=\"2026-09-01T17:18:26+00:00\" \/>\n<meta property=\"article:modified_time\" content=\"2026-09-02T17:17:28+00:00\" \/>\n<meta property=\"og:image\" content=\"https:\/\/www.emanda.com.br\/blog\/wp-content\/uploads\/2026\/09\/aquecer-base-antes-da-black-friday-featured-1024x562.png\" \/>\n\t<meta property=\"og:image:width\" content=\"1024\" \/>\n\t<meta property=\"og:image:height\" content=\"562\" \/>\n\t<meta property=\"og:image:type\" content=\"image\/png\" \/>\n<meta name=\"author\" content=\"iuri Moura\" \/>\n<meta name=\"twitter:card\" content=\"summary_large_image\" \/>\n<meta name=\"twitter:label1\" content=\"Escrito por\" \/>\n\t<meta name=\"twitter:data1\" content=\"iuri Moura\" \/>\n\t<meta name=\"twitter:label2\" content=\"Est. tempo de leitura\" \/>\n\t<meta name=\"twitter:data2\" content=\"8 minutos\" \/>\n<script type=\"application\/ld+json\" class=\"yoast-schema-graph\">{\"@context\":\"https:\\\/\\\/schema.org\",\"@graph\":[{\"@type\":\"Article\",\"@id\":\"https:\\\/\\\/www.emanda.com.br\\\/blog\\\/aquecer-base-antes-da-black-friday\\\/#article\",\"isPartOf\":{\"@id\":\"https:\\\/\\\/www.emanda.com.br\\\/blog\\\/aquecer-base-antes-da-black-friday\\\/\"},\"author\":{\"name\":\"iuri Moura\",\"@id\":\"https:\\\/\\\/www.emanda.com.br\\\/#\\\/schema\\\/person\\\/29a4f6bae86276715fe4b50d1c6e78fd\"},\"headline\":\"Aquecer a base antes da Black Friday em 90 dias\",\"datePublished\":\"2026-09-01T17:18:26+00:00\",\"dateModified\":\"2026-09-02T17:17:28+00:00\",\"mainEntityOfPage\":{\"@id\":\"https:\\\/\\\/www.emanda.com.br\\\/blog\\\/aquecer-base-antes-da-black-friday\\\/\"},\"wordCount\":1324,\"publisher\":{\"@id\":\"https:\\\/\\\/www.emanda.com.br\\\/#organization\"},\"image\":{\"@id\":\"https:\\\/\\\/www.emanda.com.br\\\/blog\\\/aquecer-base-antes-da-black-friday\\\/#primaryimage\"},\"thumbnailUrl\":\"https:\\\/\\\/www.emanda.com.br\\\/blog\\\/wp-content\\\/uploads\\\/2026\\\/09\\\/aquecer-base-antes-da-black-friday-featured.png\",\"keywords\":[\"blackfriday\",\"ecommerce\",\"email marketing\",\"relacionamento\",\"reten\u00e7\u00e3o\"],\"articleSection\":[\"BlackFriday\"],\"inLanguage\":\"pt-BR\"},{\"@type\":\"WebPage\",\"@id\":\"https:\\\/\\\/www.emanda.com.br\\\/blog\\\/aquecer-base-antes-da-black-friday\\\/\",\"url\":\"https:\\\/\\\/www.emanda.com.br\\\/blog\\\/aquecer-base-antes-da-black-friday\\\/\",\"name\":\"Aquecer a base antes da Black Friday em 90 dias\",\"isPartOf\":{\"@id\":\"https:\\\/\\\/www.emanda.com.br\\\/#website\"},\"primaryImageOfPage\":{\"@id\":\"https:\\\/\\\/www.emanda.com.br\\\/blog\\\/aquecer-base-antes-da-black-friday\\\/#primaryimage\"},\"image\":{\"@id\":\"https:\\\/\\\/www.emanda.com.br\\\/blog\\\/aquecer-base-antes-da-black-friday\\\/#primaryimage\"},\"thumbnailUrl\":\"https:\\\/\\\/www.emanda.com.br\\\/blog\\\/wp-content\\\/uploads\\\/2026\\\/09\\\/aquecer-base-antes-da-black-friday-featured.png\",\"datePublished\":\"2026-09-01T17:18:26+00:00\",\"dateModified\":\"2026-09-02T17:17:28+00:00\",\"description\":\"Aquecer a base antes da Black Friday leva tempo. Veja o que fazer em setembro, outubro e novembro para chegar na data com lista pronta.\",\"breadcrumb\":{\"@id\":\"https:\\\/\\\/www.emanda.com.br\\\/blog\\\/aquecer-base-antes-da-black-friday\\\/#breadcrumb\"},\"inLanguage\":\"pt-BR\",\"potentialAction\":[{\"@type\":\"ReadAction\",\"target\":[\"https:\\\/\\\/www.emanda.com.br\\\/blog\\\/aquecer-base-antes-da-black-friday\\\/\"]}]},{\"@type\":\"ImageObject\",\"inLanguage\":\"pt-BR\",\"@id\":\"https:\\\/\\\/www.emanda.com.br\\\/blog\\\/aquecer-base-antes-da-black-friday\\\/#primaryimage\",\"url\":\"https:\\\/\\\/www.emanda.com.br\\\/blog\\\/wp-content\\\/uploads\\\/2026\\\/09\\\/aquecer-base-antes-da-black-friday-featured.png\",\"contentUrl\":\"https:\\\/\\\/www.emanda.com.br\\\/blog\\\/wp-content\\\/uploads\\\/2026\\\/09\\\/aquecer-base-antes-da-black-friday-featured.png\",\"width\":1693,\"height\":929,\"caption\":\"lojista organizando pedidos na bancada com calend\u00e1rio de novembro marcado e fita roxa na caixa\"},{\"@type\":\"BreadcrumbList\",\"@id\":\"https:\\\/\\\/www.emanda.com.br\\\/blog\\\/aquecer-base-antes-da-black-friday\\\/#breadcrumb\",\"itemListElement\":[{\"@type\":\"ListItem\",\"position\":1,\"name\":\"In\u00edcio\",\"item\":\"https:\\\/\\\/www.emanda.com.br\\\/blog\\\/\"},{\"@type\":\"ListItem\",\"position\":2,\"name\":\"Aquecer a base antes da Black Friday em 90 dias\"}]},{\"@type\":\"WebSite\",\"@id\":\"https:\\\/\\\/www.emanda.com.br\\\/#website\",\"url\":\"https:\\\/\\\/www.emanda.com.br\\\/\",\"name\":\"Emanda | Email Marketing sem Esfor\u00e7o\",\"description\":\"A plataforma de Email marketing para lojas virtuais\",\"publisher\":{\"@id\":\"https:\\\/\\\/www.emanda.com.br\\\/#organization\"},\"potentialAction\":[{\"@type\":\"SearchAction\",\"target\":{\"@type\":\"EntryPoint\",\"urlTemplate\":\"https:\\\/\\\/www.emanda.com.br\\\/?s={search_term_string}\"},\"query-input\":{\"@type\":\"PropertyValueSpecification\",\"valueRequired\":true,\"valueName\":\"search_term_string\"}}],\"inLanguage\":\"pt-BR\"},{\"@type\":\"Organization\",\"@id\":\"https:\\\/\\\/www.emanda.com.br\\\/#organization\",\"name\":\"Emanda | Email Marketing sem Esfor\u00e7o\",\"url\":\"https:\\\/\\\/www.emanda.com.br\\\/\",\"logo\":{\"@type\":\"ImageObject\",\"inLanguage\":\"pt-BR\",\"@id\":\"https:\\\/\\\/www.emanda.com.br\\\/#\\\/schema\\\/logo\\\/image\\\/\",\"url\":\"https:\\\/\\\/www.emanda.com.br\\\/blog\\\/wp-content\\\/uploads\\\/2021\\\/09\\\/logo.png\",\"contentUrl\":\"https:\\\/\\\/www.emanda.com.br\\\/blog\\\/wp-content\\\/uploads\\\/2021\\\/09\\\/logo.png\",\"width\":110,\"height\":28,\"caption\":\"Emanda | Email Marketing sem Esfor\u00e7o\"},\"image\":{\"@id\":\"https:\\\/\\\/www.emanda.com.br\\\/#\\\/schema\\\/logo\\\/image\\\/\"}},{\"@type\":\"Person\",\"@id\":\"https:\\\/\\\/www.emanda.com.br\\\/#\\\/schema\\\/person\\\/29a4f6bae86276715fe4b50d1c6e78fd\",\"name\":\"iuri Moura\",\"image\":{\"@type\":\"ImageObject\",\"inLanguage\":\"pt-BR\",\"@id\":\"https:\\\/\\\/www.emanda.com.br\\\/blog\\\/wp-content\\\/litespeed\\\/avatar\\\/677d1d117f8fbd06011639d1c05d1e4a.jpg?ver=1788296995\",\"url\":\"https:\\\/\\\/www.emanda.com.br\\\/blog\\\/wp-content\\\/litespeed\\\/avatar\\\/677d1d117f8fbd06011639d1c05d1e4a.jpg?ver=1788296995\",\"contentUrl\":\"https:\\\/\\\/www.emanda.com.br\\\/blog\\\/wp-content\\\/litespeed\\\/avatar\\\/677d1d117f8fbd06011639d1c05d1e4a.jpg?ver=1788296995\",\"caption\":\"iuri Moura\"},\"url\":\"https:\\\/\\\/www.emanda.com.br\\\/blog\\\/author\\\/iurimoura\\\/\"}]}<\/script>\n<!-- \/ Yoast SEO plugin. -->","yoast_head_json":{"title":"Aquecer a base antes da Black Friday em 90 dias","description":"Aquecer a base antes da Black Friday leva tempo. Veja o que fazer em setembro, outubro e novembro para chegar na data com lista pronta.","robots":{"index":"index","follow":"follow","max-snippet":"max-snippet:-1","max-image-preview":"max-image-preview:large","max-video-preview":"max-video-preview:-1"},"canonical":"https:\/\/www.emanda.com.br\/blog\/aquecer-base-antes-da-black-friday\/","og_locale":"pt_BR","og_type":"article","og_title":"Aquecer a base antes da Black Friday em 90 dias","og_description":"Aquecer a base antes da Black Friday leva tempo. Veja o que fazer em setembro, outubro e novembro para chegar na data com lista pronta.","og_url":"https:\/\/www.emanda.com.br\/blog\/aquecer-base-antes-da-black-friday\/","og_site_name":"Emanda | Email Marketing sem Esfor\u00e7o","article_published_time":"2026-09-01T17:18:26+00:00","article_modified_time":"2026-09-02T17:17:28+00:00","og_image":[{"width":1024,"height":562,"url":"https:\/\/www.emanda.com.br\/blog\/wp-content\/uploads\/2026\/09\/aquecer-base-antes-da-black-friday-featured-1024x562.png","type":"image\/png"}],"author":"iuri Moura","twitter_card":"summary_large_image","twitter_misc":{"Escrito por":"iuri Moura","Est. tempo de leitura":"8 minutos"},"schema":{"@context":"https:\/\/schema.org","@graph":[{"@type":"Article","@id":"https:\/\/www.emanda.com.br\/blog\/aquecer-base-antes-da-black-friday\/#article","isPartOf":{"@id":"https:\/\/www.emanda.com.br\/blog\/aquecer-base-antes-da-black-friday\/"},"author":{"name":"iuri Moura","@id":"https:\/\/www.emanda.com.br\/#\/schema\/person\/29a4f6bae86276715fe4b50d1c6e78fd"},"headline":"Aquecer a base antes da Black Friday em 90 dias","datePublished":"2026-09-01T17:18:26+00:00","dateModified":"2026-09-02T17:17:28+00:00","mainEntityOfPage":{"@id":"https:\/\/www.emanda.com.br\/blog\/aquecer-base-antes-da-black-friday\/"},"wordCount":1324,"publisher":{"@id":"https:\/\/www.emanda.com.br\/#organization"},"image":{"@id":"https:\/\/www.emanda.com.br\/blog\/aquecer-base-antes-da-black-friday\/#primaryimage"},"thumbnailUrl":"https:\/\/www.emanda.com.br\/blog\/wp-content\/uploads\/2026\/09\/aquecer-base-antes-da-black-friday-featured.png","keywords":["blackfriday","ecommerce","email marketing","relacionamento","reten\u00e7\u00e3o"],"articleSection":["BlackFriday"],"inLanguage":"pt-BR"},{"@type":"WebPage","@id":"https:\/\/www.emanda.com.br\/blog\/aquecer-base-antes-da-black-friday\/","url":"https:\/\/www.emanda.com.br\/blog\/aquecer-base-antes-da-black-friday\/","name":"Aquecer a base antes da Black Friday em 90 dias","isPartOf":{"@id":"https:\/\/www.emanda.com.br\/#website"},"primaryImageOfPage":{"@id":"https:\/\/www.emanda.com.br\/blog\/aquecer-base-antes-da-black-friday\/#primaryimage"},"image":{"@id":"https:\/\/www.emanda.com.br\/blog\/aquecer-base-antes-da-black-friday\/#primaryimage"},"thumbnailUrl":"https:\/\/www.emanda.com.br\/blog\/wp-content\/uploads\/2026\/09\/aquecer-base-antes-da-black-friday-featured.png","datePublished":"2026-09-01T17:18:26+00:00","dateModified":"2026-09-02T17:17:28+00:00","description":"Aquecer a base antes da Black Friday leva tempo. Veja o que fazer em setembro, outubro e novembro para chegar na data com lista pronta.","breadcrumb":{"@id":"https:\/\/www.emanda.com.br\/blog\/aquecer-base-antes-da-black-friday\/#breadcrumb"},"inLanguage":"pt-BR","potentialAction":[{"@type":"ReadAction","target":["https:\/\/www.emanda.com.br\/blog\/aquecer-base-antes-da-black-friday\/"]}]},{"@type":"ImageObject","inLanguage":"pt-BR","@id":"https:\/\/www.emanda.com.br\/blog\/aquecer-base-antes-da-black-friday\/#primaryimage","url":"https:\/\/www.emanda.com.br\/blog\/wp-content\/uploads\/2026\/09\/aquecer-base-antes-da-black-friday-featured.png","contentUrl":"https:\/\/www.emanda.com.br\/blog\/wp-content\/uploads\/2026\/09\/aquecer-base-antes-da-black-friday-featured.png","width":1693,"height":929,"caption":"lojista organizando pedidos na bancada com calend\u00e1rio de novembro marcado e fita roxa na caixa"},{"@type":"BreadcrumbList","@id":"https:\/\/www.emanda.com.br\/blog\/aquecer-base-antes-da-black-friday\/#breadcrumb","itemListElement":[{"@type":"ListItem","position":1,"name":"In\u00edcio","item":"https:\/\/www.emanda.com.br\/blog\/"},{"@type":"ListItem","position":2,"name":"Aquecer a base antes da Black Friday em 90 dias"}]},{"@type":"WebSite","@id":"https:\/\/www.emanda.com.br\/#website","url":"https:\/\/www.emanda.com.br\/","name":"Emanda | Email Marketing sem Esfor\u00e7o","description":"A plataforma de Email marketing para lojas virtuais","publisher":{"@id":"https:\/\/www.emanda.com.br\/#organization"},"potentialAction":[{"@type":"SearchAction","target":{"@type":"EntryPoint","urlTemplate":"https:\/\/www.emanda.com.br\/?s={search_term_string}"},"query-input":{"@type":"PropertyValueSpecification","valueRequired":true,"valueName":"search_term_string"}}],"inLanguage":"pt-BR"},{"@type":"Organization","@id":"https:\/\/www.emanda.com.br\/#organization","name":"Emanda | Email Marketing sem Esfor\u00e7o","url":"https:\/\/www.emanda.com.br\/","logo":{"@type":"ImageObject","inLanguage":"pt-BR","@id":"https:\/\/www.emanda.com.br\/#\/schema\/logo\/image\/","url":"https:\/\/www.emanda.com.br\/blog\/wp-content\/uploads\/2021\/09\/logo.png","contentUrl":"https:\/\/www.emanda.com.br\/blog\/wp-content\/uploads\/2021\/09\/logo.png","width":110,"height":28,"caption":"Emanda | Email Marketing sem Esfor\u00e7o"},"image":{"@id":"https:\/\/www.emanda.com.br\/#\/schema\/logo\/image\/"}},{"@type":"Person","@id":"https:\/\/www.emanda.com.br\/#\/schema\/person\/29a4f6bae86276715fe4b50d1c6e78fd","name":"iuri Moura","image":{"@type":"ImageObject","inLanguage":"pt-BR","@id":"https:\/\/www.emanda.com.br\/blog\/wp-content\/litespeed\/avatar\/677d1d117f8fbd06011639d1c05d1e4a.jpg?ver=1788296995","url":"https:\/\/www.emanda.com.br\/blog\/wp-content\/litespeed\/avatar\/677d1d117f8fbd06011639d1c05d1e4a.jpg?ver=1788296995","contentUrl":"https:\/\/www.emanda.com.br\/blog\/wp-content\/litespeed\/avatar\/677d1d117f8fbd06011639d1c05d1e4a.jpg?ver=1788296995","caption":"iuri Moura"},"url":"https:\/\/www.emanda.com.br\/blog\/author\/iurimoura\/"}]}},"_links":{"self":[{"href":"https:\/\/www.emanda.com.br\/blog\/wp-json\/wp\/v2\/posts\/3826","targetHints":{"allow":["GET"]}}],"collection":[{"href":"https:\/\/www.emanda.com.br\/blog\/wp-json\/wp\/v2\/posts"}],"about":[{"href":"https:\/\/www.emanda.com.br\/blog\/wp-json\/wp\/v2\/types\/post"}],"author":[{"embeddable":true,"href":"https:\/\/www.emanda.com.br\/blog\/wp-json\/wp\/v2\/users\/2"}],"replies":[{"embeddable":true,"href":"https:\/\/www.emanda.com.br\/blog\/wp-json\/wp\/v2\/comments?post=3826"}],"version-history":[{"count":3,"href":"https:\/\/www.emanda.com.br\/blog\/wp-json\/wp\/v2\/posts\/3826\/revisions"}],"predecessor-version":[{"id":3834,"href":"https:\/\/www.emanda.com.br\/blog\/wp-json\/wp\/v2\/posts\/3826\/revisions\/3834"}],"wp:featuredmedia":[{"embeddable":true,"href":"https:\/\/www.emanda.com.br\/blog\/wp-json\/wp\/v2\/media\/3829"}],"wp:attachment":[{"href":"https:\/\/www.emanda.com.br\/blog\/wp-json\/wp\/v2\/media?parent=3826"}],"wp:term":[{"taxonomy":"category","embeddable":true,"href":"https:\/\/www.emanda.com.br\/blog\/wp-json\/wp\/v2\/categories?post=3826"},{"taxonomy":"post_tag","embeddable":true,"href":"https:\/\/www.emanda.com.br\/blog\/wp-json\/wp\/v2\/tags?post=3826"}],"curies":[{"name":"wp","href":"https:\/\/api.w.org\/{rel}","templated":true}]}}